{"id":3333,"date":"2014-06-04T08:00:10","date_gmt":"2014-06-04T06:00:10","guid":{"rendered":"https:\/\/vitura.fr\/?p=3333"},"modified":"2021-06-25T16:07:14","modified_gmt":"2021-06-25T14:07:14","slug":"avis-de-convocation-8","status":"publish","type":"post","link":"https:\/\/vitura.fr\/en\/financial-publications\/avis-de-convocation-8\/","title":{"rendered":"Note of convocation (in French)"},"content":{"rendered":"<p>L\u2019Assembl\u00e9e G\u00e9n\u00e9rale se compose de tous les actionnaires quel que soit le nombre de leurs actions. Tout actionnaire peut se faire repr\u00e9senter \u00e0 l\u2019Assembl\u00e9e G\u00e9n\u00e9rale par un autre actionnaire, par son conjoint ou par le partenaire avec lequel il a conclu un pacte civil de solidarit\u00e9. Il peut aussi se faire repr\u00e9senter par toute autre personne physique ou morale de son choix (article L.225-106 du Code de Commerce).<\/p>\n","protected":false},"excerpt":{"rendered":"<p>L\u2019Assembl\u00e9e G\u00e9n\u00e9rale se compose de tous les actionnaires quel que soit le nombre de leurs actions. Tout actionnaire peut se faire repr\u00e9senter \u00e0 l\u2019Assembl\u00e9e G\u00e9n\u00e9rale par un autre actionnaire, par son conjoint ou par le partenaire avec lequel il a conclu un pacte civil de solidarit\u00e9. Il peut aussi se faire repr\u00e9senter par toute autre &hellip; <\/p>\n<p class=\"link-more\"><a href=\"https:\/\/vitura.fr\/en\/financial-publications\/avis-de-convocation-8\/\" class=\"more-link\">Continue reading<span class=\"screen-reader-text\"> &#8220;Note of convocation (in French)&#8221;<\/span><\/a><\/p>\n","protected":false},"author":6,"featured_media":0,"comment_status":"closed","ping_status":"open","sticky":false,"template":"","format":"standard","meta":{"_monsterinsights_skip_tracking":false,"_monsterinsights_sitenote_active":false,"_monsterinsights_sitenote_note":"","_monsterinsights_sitenote_category":0,"footnotes":""},"categories":[5,8],"tags":[],"class_list":["post-3333","post","type-post","status-publish","format-standard","hentry","category-financial-publications","category-general-shareholders-meetings"],"acf":[],"yoast_head":"<!-- This site is optimized with the Yoast SEO plugin v21.9.1 - https:\/\/yoast.com\/wordpress\/plugins\/seo\/ -->\n<title>Note of convocation (in French) - VITURA<\/title>\n<meta name=\"robots\" content=\"index, follow, max-snippet:-1, max-image-preview:large, max-video-preview:-1\" \/>\n<link rel=\"canonical\" href=\"https:\/\/vitura.fr\/en\/financial-publications\/avis-de-convocation-8\/\" \/>\n<meta property=\"og:locale\" content=\"en_US\" \/>\n<meta property=\"og:type\" content=\"article\" \/>\n<meta property=\"og:title\" content=\"Note of convocation (in French) - VITURA\" \/>\n<meta property=\"og:description\" content=\"L\u2019Assembl\u00e9e G\u00e9n\u00e9rale se compose de tous les actionnaires quel que soit le nombre de leurs actions. Tout actionnaire peut se faire repr\u00e9senter \u00e0 l\u2019Assembl\u00e9e G\u00e9n\u00e9rale par un autre actionnaire, par son conjoint ou par le partenaire avec lequel il a conclu un pacte civil de solidarit\u00e9. Il peut aussi se faire repr\u00e9senter par toute autre &hellip; Continue reading &quot;Note of convocation (in French)&quot;\" \/>\n<meta property=\"og:url\" content=\"https:\/\/vitura.fr\/en\/financial-publications\/avis-de-convocation-8\/\" \/>\n<meta property=\"og:site_name\" content=\"VITURA\" \/>\n<meta property=\"article:published_time\" content=\"2014-06-04T06:00:10+00:00\" \/>\n<meta property=\"article:modified_time\" content=\"2021-06-25T14:07:14+00:00\" \/>\n<meta name=\"author\" content=\"Frederic\" \/>\n<meta name=\"twitter:card\" content=\"summary_large_image\" \/>\n<meta name=\"twitter:creator\" content=\"@Vitura_\" \/>\n<meta name=\"twitter:site\" content=\"@Vitura_\" \/>\n<meta name=\"twitter:label1\" content=\"Written by\" \/>\n\t<meta name=\"twitter:data1\" content=\"Frederic\" \/>\n<script type=\"application\/ld+json\" class=\"yoast-schema-graph\">{\"@context\":\"https:\/\/schema.org\",\"@graph\":[{\"@type\":\"Article\",\"@id\":\"https:\/\/vitura.fr\/en\/financial-publications\/avis-de-convocation-8\/#article\",\"isPartOf\":{\"@id\":\"https:\/\/vitura.fr\/en\/financial-publications\/avis-de-convocation-8\/\"},\"author\":{\"name\":\"Frederic\",\"@id\":\"https:\/\/vitura.fr\/#\/schema\/person\/9b174b6fd77697975cb322279c940fbe\"},\"headline\":\"Note of convocation (in French)\",\"datePublished\":\"2014-06-04T06:00:10+00:00\",\"dateModified\":\"2021-06-25T14:07:14+00:00\",\"mainEntityOfPage\":{\"@id\":\"https:\/\/vitura.fr\/en\/financial-publications\/avis-de-convocation-8\/\"},\"wordCount\":88,\"publisher\":{\"@id\":\"https:\/\/vitura.fr\/#organization\"},\"articleSection\":[\"Financial publications\",\"General Shareholders\u2019 Meeting\"],\"inLanguage\":\"en-US\"},{\"@type\":\"WebPage\",\"@id\":\"https:\/\/vitura.fr\/en\/financial-publications\/avis-de-convocation-8\/\",\"url\":\"https:\/\/vitura.fr\/en\/financial-publications\/avis-de-convocation-8\/\",\"name\":\"[:en]Note of convocation (in French)[:fr]Avis de convocation[:] - VITURA\",\"isPartOf\":{\"@id\":\"https:\/\/vitura.fr\/#website\"},\"datePublished\":\"2014-06-04T06:00:10+00:00\",\"dateModified\":\"2021-06-25T14:07:14+00:00\",\"breadcrumb\":{\"@id\":\"https:\/\/vitura.fr\/en\/financial-publications\/avis-de-convocation-8\/#breadcrumb\"},\"inLanguage\":\"en-US\",\"potentialAction\":[{\"@type\":\"ReadAction\",\"target\":[\"https:\/\/vitura.fr\/en\/financial-publications\/avis-de-convocation-8\/\"]}]},{\"@type\":\"BreadcrumbList\",\"@id\":\"https:\/\/vitura.fr\/en\/financial-publications\/avis-de-convocation-8\/#breadcrumb\",\"itemListElement\":[{\"@type\":\"ListItem\",\"position\":1,\"name\":\"Accueil\",\"item\":\"https:\/\/vitura.fr\/\"},{\"@type\":\"ListItem\",\"position\":2,\"name\":\"Note of convocation (in French)\"}]},{\"@type\":\"WebSite\",\"@id\":\"https:\/\/vitura.fr\/#website\",\"url\":\"https:\/\/vitura.fr\/\",\"name\":\"VITURA\",\"description\":\"VITURA\",\"publisher\":{\"@id\":\"https:\/\/vitura.fr\/#organization\"},\"potentialAction\":[{\"@type\":\"SearchAction\",\"target\":{\"@type\":\"EntryPoint\",\"urlTemplate\":\"https:\/\/vitura.fr\/?s={search_term_string}\"},\"query-input\":\"required name=search_term_string\"}],\"inLanguage\":\"en-US\"},{\"@type\":\"Organization\",\"@id\":\"https:\/\/vitura.fr\/#organization\",\"name\":\"VITURA\",\"url\":\"https:\/\/vitura.fr\/\",\"logo\":{\"@type\":\"ImageObject\",\"inLanguage\":\"en-US\",\"@id\":\"https:\/\/vitura.fr\/#\/schema\/logo\/image\/\",\"url\":\"https:\/\/vitura.fr\/wp-content\/uploads\/2021\/06\/vitura-image-place-holder-e1625219447820.png\",\"contentUrl\":\"https:\/\/vitura.fr\/wp-content\/uploads\/2021\/06\/vitura-image-place-holder-e1625219447820.png\",\"width\":800,\"height\":450,\"caption\":\"VITURA\"},\"image\":{\"@id\":\"https:\/\/vitura.fr\/#\/schema\/logo\/image\/\"},\"sameAs\":[\"https:\/\/twitter.com\/Vitura_\",\"https:\/\/www.linkedin.com\/company\/wearevitura\"]},{\"@type\":\"Person\",\"@id\":\"https:\/\/vitura.fr\/#\/schema\/person\/9b174b6fd77697975cb322279c940fbe\",\"name\":\"Frederic\",\"url\":\"https:\/\/vitura.fr\/en\/author\/frederic\/\"}]}<\/script>\n<!-- \/ Yoast SEO plugin. -->","yoast_head_json":{"title":"Note of convocation (in French) - VITURA","robots":{"index":"index","follow":"follow","max-snippet":"max-snippet:-1","max-image-preview":"max-image-preview:large","max-video-preview":"max-video-preview:-1"},"canonical":"https:\/\/vitura.fr\/en\/financial-publications\/avis-de-convocation-8\/","og_locale":"en_US","og_type":"article","og_title":"Note of convocation (in French) - VITURA","og_description":"L\u2019Assembl\u00e9e G\u00e9n\u00e9rale se compose de tous les actionnaires quel que soit le nombre de leurs actions. Tout actionnaire peut se faire repr\u00e9senter \u00e0 l\u2019Assembl\u00e9e G\u00e9n\u00e9rale par un autre actionnaire, par son conjoint ou par le partenaire avec lequel il a conclu un pacte civil de solidarit\u00e9. Il peut aussi se faire repr\u00e9senter par toute autre &hellip; Continue reading \"Note of convocation (in French)\"","og_url":"https:\/\/vitura.fr\/en\/financial-publications\/avis-de-convocation-8\/","og_site_name":"VITURA","article_published_time":"2014-06-04T06:00:10+00:00","article_modified_time":"2021-06-25T14:07:14+00:00","author":"Frederic","twitter_card":"summary_large_image","twitter_creator":"@Vitura_","twitter_site":"@Vitura_","twitter_misc":{"Written by":"Frederic"},"schema":{"@context":"https:\/\/schema.org","@graph":[{"@type":"Article","@id":"https:\/\/vitura.fr\/en\/financial-publications\/avis-de-convocation-8\/#article","isPartOf":{"@id":"https:\/\/vitura.fr\/en\/financial-publications\/avis-de-convocation-8\/"},"author":{"name":"Frederic","@id":"https:\/\/vitura.fr\/#\/schema\/person\/9b174b6fd77697975cb322279c940fbe"},"headline":"Note of convocation (in French)","datePublished":"2014-06-04T06:00:10+00:00","dateModified":"2021-06-25T14:07:14+00:00","mainEntityOfPage":{"@id":"https:\/\/vitura.fr\/en\/financial-publications\/avis-de-convocation-8\/"},"wordCount":88,"publisher":{"@id":"https:\/\/vitura.fr\/#organization"},"articleSection":["Financial publications","General Shareholders\u2019 Meeting"],"inLanguage":"en-US"},{"@type":"WebPage","@id":"https:\/\/vitura.fr\/en\/financial-publications\/avis-de-convocation-8\/","url":"https:\/\/vitura.fr\/en\/financial-publications\/avis-de-convocation-8\/","name":"[:en]Note of convocation (in French)[:fr]Avis de convocation[:] - VITURA","isPartOf":{"@id":"https:\/\/vitura.fr\/#website"},"datePublished":"2014-06-04T06:00:10+00:00","dateModified":"2021-06-25T14:07:14+00:00","breadcrumb":{"@id":"https:\/\/vitura.fr\/en\/financial-publications\/avis-de-convocation-8\/#breadcrumb"},"inLanguage":"en-US","potentialAction":[{"@type":"ReadAction","target":["https:\/\/vitura.fr\/en\/financial-publications\/avis-de-convocation-8\/"]}]},{"@type":"BreadcrumbList","@id":"https:\/\/vitura.fr\/en\/financial-publications\/avis-de-convocation-8\/#breadcrumb","itemListElement":[{"@type":"ListItem","position":1,"name":"Accueil","item":"https:\/\/vitura.fr\/"},{"@type":"ListItem","position":2,"name":"Note of convocation (in French)"}]},{"@type":"WebSite","@id":"https:\/\/vitura.fr\/#website","url":"https:\/\/vitura.fr\/","name":"VITURA","description":"VITURA","publisher":{"@id":"https:\/\/vitura.fr\/#organization"},"potentialAction":[{"@type":"SearchAction","target":{"@type":"EntryPoint","urlTemplate":"https:\/\/vitura.fr\/?s={search_term_string}"},"query-input":"required name=search_term_string"}],"inLanguage":"en-US"},{"@type":"Organization","@id":"https:\/\/vitura.fr\/#organization","name":"VITURA","url":"https:\/\/vitura.fr\/","logo":{"@type":"ImageObject","inLanguage":"en-US","@id":"https:\/\/vitura.fr\/#\/schema\/logo\/image\/","url":"https:\/\/vitura.fr\/wp-content\/uploads\/2021\/06\/vitura-image-place-holder-e1625219447820.png","contentUrl":"https:\/\/vitura.fr\/wp-content\/uploads\/2021\/06\/vitura-image-place-holder-e1625219447820.png","width":800,"height":450,"caption":"VITURA"},"image":{"@id":"https:\/\/vitura.fr\/#\/schema\/logo\/image\/"},"sameAs":["https:\/\/twitter.com\/Vitura_","https:\/\/www.linkedin.com\/company\/wearevitura"]},{"@type":"Person","@id":"https:\/\/vitura.fr\/#\/schema\/person\/9b174b6fd77697975cb322279c940fbe","name":"Frederic","url":"https:\/\/vitura.fr\/en\/author\/frederic\/"}]}},"_links":{"self":[{"href":"https:\/\/vitura.fr\/en\/wp-json\/wp\/v2\/posts\/3333","targetHints":{"allow":["GET"]}}],"collection":[{"href":"https:\/\/vitura.fr\/en\/wp-json\/wp\/v2\/posts"}],"about":[{"href":"https:\/\/vitura.fr\/en\/wp-json\/wp\/v2\/types\/post"}],"author":[{"embeddable":true,"href":"https:\/\/vitura.fr\/en\/wp-json\/wp\/v2\/users\/6"}],"replies":[{"embeddable":true,"href":"https:\/\/vitura.fr\/en\/wp-json\/wp\/v2\/comments?post=3333"}],"version-history":[{"count":1,"href":"https:\/\/vitura.fr\/en\/wp-json\/wp\/v2\/posts\/3333\/revisions"}],"predecessor-version":[{"id":3334,"href":"https:\/\/vitura.fr\/en\/wp-json\/wp\/v2\/posts\/3333\/revisions\/3334"}],"wp:attachment":[{"href":"https:\/\/vitura.fr\/en\/wp-json\/wp\/v2\/media?parent=3333"}],"wp:term":[{"taxonomy":"category","embeddable":true,"href":"https:\/\/vitura.fr\/en\/wp-json\/wp\/v2\/categories?post=3333"},{"taxonomy":"post_tag","embeddable":true,"href":"https:\/\/vitura.fr\/en\/wp-json\/wp\/v2\/tags?post=3333"}],"curies":[{"name":"wp","href":"https:\/\/api.w.org\/{rel}","templated":true}]}}