{"id":3664,"date":"2007-06-06T08:00:58","date_gmt":"2007-06-06T06:00:58","guid":{"rendered":"https:\/\/vitura.fr\/?p=3664"},"modified":"2021-06-30T11:28:22","modified_gmt":"2021-06-30T09:28:22","slug":"avis-de-reunion-et-de-convocation-5","status":"publish","type":"post","link":"https:\/\/vitura.fr\/en\/financial-publications\/avis-de-reunion-et-de-convocation-5\/","title":{"rendered":"Note of meeting and convocation (in French)"},"content":{"rendered":"<p>Mmes et MM. les actionnaires sont inform\u00e9s qu\u2019ils seront prochainement convoqu\u00e9s en assembl\u00e9e g\u00e9n\u00e9rale ordinaire annuelle et extraordinaire, qui se tiendra le 6 juin 2007 \u00e0 10 heures, \u00e0 la Tour Europlaza, 20 rue Andr\u00e9 Prothin, La D\u00e9fense 4, 92400 Courbevoie, \u00e0 l\u2019effet de d\u00e9lib\u00e9rer sur l\u2019ordre du jour suivant et les projets de r\u00e9solutions suivants :<\/p>\n","protected":false},"excerpt":{"rendered":"<p>Mmes et MM. les actionnaires sont inform\u00e9s qu\u2019ils seront prochainement convoqu\u00e9s en assembl\u00e9e g\u00e9n\u00e9rale ordinaire annuelle et extraordinaire, qui se tiendra le 6 juin 2007 \u00e0 10 heures, \u00e0 la Tour Europlaza, 20 rue Andr\u00e9 Prothin, La D\u00e9fense 4, 92400 Courbevoie, \u00e0 l\u2019effet de d\u00e9lib\u00e9rer sur l\u2019ordre du jour suivant et les projets de r\u00e9solutions &hellip; <\/p>\n<p class=\"link-more\"><a href=\"https:\/\/vitura.fr\/en\/financial-publications\/avis-de-reunion-et-de-convocation-5\/\" class=\"more-link\">Continue reading<span class=\"screen-reader-text\"> &#8220;Note of meeting and convocation (in French)&#8221;<\/span><\/a><\/p>\n","protected":false},"author":6,"featured_media":0,"comment_status":"closed","ping_status":"open","sticky":false,"template":"","format":"standard","meta":{"_monsterinsights_skip_tracking":false,"_monsterinsights_sitenote_active":false,"_monsterinsights_sitenote_note":"","_monsterinsights_sitenote_category":0,"footnotes":""},"categories":[5,8],"tags":[],"class_list":["post-3664","post","type-post","status-publish","format-standard","hentry","category-financial-publications","category-general-shareholders-meetings"],"acf":[],"yoast_head":"<!-- This site is optimized with the Yoast SEO plugin v21.9.1 - https:\/\/yoast.com\/wordpress\/plugins\/seo\/ -->\n<title>Note of meeting and convocation (in French) - VITURA<\/title>\n<meta name=\"robots\" content=\"index, follow, max-snippet:-1, max-image-preview:large, max-video-preview:-1\" \/>\n<link rel=\"canonical\" href=\"https:\/\/vitura.fr\/en\/financial-publications\/avis-de-reunion-et-de-convocation-5\/\" \/>\n<meta property=\"og:locale\" content=\"en_US\" \/>\n<meta property=\"og:type\" content=\"article\" \/>\n<meta property=\"og:title\" content=\"Note of meeting and convocation (in French) - VITURA\" \/>\n<meta property=\"og:description\" content=\"Mmes et MM. les actionnaires sont inform\u00e9s qu\u2019ils seront prochainement convoqu\u00e9s en assembl\u00e9e g\u00e9n\u00e9rale ordinaire annuelle et extraordinaire, qui se tiendra le 6 juin 2007 \u00e0 10 heures, \u00e0 la Tour Europlaza, 20 rue Andr\u00e9 Prothin, La D\u00e9fense 4, 92400 Courbevoie, \u00e0 l\u2019effet de d\u00e9lib\u00e9rer sur l\u2019ordre du jour suivant et les projets de r\u00e9solutions &hellip; Continue reading &quot;Note of meeting and convocation (in French)&quot;\" \/>\n<meta property=\"og:url\" content=\"https:\/\/vitura.fr\/en\/financial-publications\/avis-de-reunion-et-de-convocation-5\/\" \/>\n<meta property=\"og:site_name\" content=\"VITURA\" \/>\n<meta property=\"article:published_time\" content=\"2007-06-06T06:00:58+00:00\" \/>\n<meta property=\"article:modified_time\" content=\"2021-06-30T09:28:22+00:00\" \/>\n<meta name=\"author\" content=\"Frederic\" \/>\n<meta name=\"twitter:card\" content=\"summary_large_image\" \/>\n<meta name=\"twitter:creator\" content=\"@Vitura_\" \/>\n<meta name=\"twitter:site\" content=\"@Vitura_\" \/>\n<meta name=\"twitter:label1\" content=\"Written by\" \/>\n\t<meta name=\"twitter:data1\" content=\"Frederic\" \/>\n<script type=\"application\/ld+json\" class=\"yoast-schema-graph\">{\"@context\":\"https:\/\/schema.org\",\"@graph\":[{\"@type\":\"Article\",\"@id\":\"https:\/\/vitura.fr\/en\/financial-publications\/avis-de-reunion-et-de-convocation-5\/#article\",\"isPartOf\":{\"@id\":\"https:\/\/vitura.fr\/en\/financial-publications\/avis-de-reunion-et-de-convocation-5\/\"},\"author\":{\"name\":\"Frederic\",\"@id\":\"https:\/\/vitura.fr\/#\/schema\/person\/9b174b6fd77697975cb322279c940fbe\"},\"headline\":\"Note of meeting and convocation (in French)\",\"datePublished\":\"2007-06-06T06:00:58+00:00\",\"dateModified\":\"2021-06-30T09:28:22+00:00\",\"mainEntityOfPage\":{\"@id\":\"https:\/\/vitura.fr\/en\/financial-publications\/avis-de-reunion-et-de-convocation-5\/\"},\"wordCount\":75,\"publisher\":{\"@id\":\"https:\/\/vitura.fr\/#organization\"},\"articleSection\":[\"Financial publications\",\"General Shareholders\u2019 Meeting\"],\"inLanguage\":\"en-US\"},{\"@type\":\"WebPage\",\"@id\":\"https:\/\/vitura.fr\/en\/financial-publications\/avis-de-reunion-et-de-convocation-5\/\",\"url\":\"https:\/\/vitura.fr\/en\/financial-publications\/avis-de-reunion-et-de-convocation-5\/\",\"name\":\"[:en]Note of meeting and convocation (in French)[:fr]Avis de r\u00e9union et de convocation[:] - VITURA\",\"isPartOf\":{\"@id\":\"https:\/\/vitura.fr\/#website\"},\"datePublished\":\"2007-06-06T06:00:58+00:00\",\"dateModified\":\"2021-06-30T09:28:22+00:00\",\"breadcrumb\":{\"@id\":\"https:\/\/vitura.fr\/en\/financial-publications\/avis-de-reunion-et-de-convocation-5\/#breadcrumb\"},\"inLanguage\":\"en-US\",\"potentialAction\":[{\"@type\":\"ReadAction\",\"target\":[\"https:\/\/vitura.fr\/en\/financial-publications\/avis-de-reunion-et-de-convocation-5\/\"]}]},{\"@type\":\"BreadcrumbList\",\"@id\":\"https:\/\/vitura.fr\/en\/financial-publications\/avis-de-reunion-et-de-convocation-5\/#breadcrumb\",\"itemListElement\":[{\"@type\":\"ListItem\",\"position\":1,\"name\":\"Accueil\",\"item\":\"https:\/\/vitura.fr\/\"},{\"@type\":\"ListItem\",\"position\":2,\"name\":\"Note of meeting and convocation (in French)\"}]},{\"@type\":\"WebSite\",\"@id\":\"https:\/\/vitura.fr\/#website\",\"url\":\"https:\/\/vitura.fr\/\",\"name\":\"VITURA\",\"description\":\"VITURA\",\"publisher\":{\"@id\":\"https:\/\/vitura.fr\/#organization\"},\"potentialAction\":[{\"@type\":\"SearchAction\",\"target\":{\"@type\":\"EntryPoint\",\"urlTemplate\":\"https:\/\/vitura.fr\/?s={search_term_string}\"},\"query-input\":\"required name=search_term_string\"}],\"inLanguage\":\"en-US\"},{\"@type\":\"Organization\",\"@id\":\"https:\/\/vitura.fr\/#organization\",\"name\":\"VITURA\",\"url\":\"https:\/\/vitura.fr\/\",\"logo\":{\"@type\":\"ImageObject\",\"inLanguage\":\"en-US\",\"@id\":\"https:\/\/vitura.fr\/#\/schema\/logo\/image\/\",\"url\":\"https:\/\/vitura.fr\/wp-content\/uploads\/2021\/06\/vitura-image-place-holder-e1625219447820.png\",\"contentUrl\":\"https:\/\/vitura.fr\/wp-content\/uploads\/2021\/06\/vitura-image-place-holder-e1625219447820.png\",\"width\":800,\"height\":450,\"caption\":\"VITURA\"},\"image\":{\"@id\":\"https:\/\/vitura.fr\/#\/schema\/logo\/image\/\"},\"sameAs\":[\"https:\/\/twitter.com\/Vitura_\",\"https:\/\/www.linkedin.com\/company\/wearevitura\"]},{\"@type\":\"Person\",\"@id\":\"https:\/\/vitura.fr\/#\/schema\/person\/9b174b6fd77697975cb322279c940fbe\",\"name\":\"Frederic\",\"url\":\"https:\/\/vitura.fr\/en\/author\/frederic\/\"}]}<\/script>\n<!-- \/ Yoast SEO plugin. -->","yoast_head_json":{"title":"Note of meeting and convocation (in French) - VITURA","robots":{"index":"index","follow":"follow","max-snippet":"max-snippet:-1","max-image-preview":"max-image-preview:large","max-video-preview":"max-video-preview:-1"},"canonical":"https:\/\/vitura.fr\/en\/financial-publications\/avis-de-reunion-et-de-convocation-5\/","og_locale":"en_US","og_type":"article","og_title":"Note of meeting and convocation (in French) - VITURA","og_description":"Mmes et MM. les actionnaires sont inform\u00e9s qu\u2019ils seront prochainement convoqu\u00e9s en assembl\u00e9e g\u00e9n\u00e9rale ordinaire annuelle et extraordinaire, qui se tiendra le 6 juin 2007 \u00e0 10 heures, \u00e0 la Tour Europlaza, 20 rue Andr\u00e9 Prothin, La D\u00e9fense 4, 92400 Courbevoie, \u00e0 l\u2019effet de d\u00e9lib\u00e9rer sur l\u2019ordre du jour suivant et les projets de r\u00e9solutions &hellip; Continue reading \"Note of meeting and convocation (in French)\"","og_url":"https:\/\/vitura.fr\/en\/financial-publications\/avis-de-reunion-et-de-convocation-5\/","og_site_name":"VITURA","article_published_time":"2007-06-06T06:00:58+00:00","article_modified_time":"2021-06-30T09:28:22+00:00","author":"Frederic","twitter_card":"summary_large_image","twitter_creator":"@Vitura_","twitter_site":"@Vitura_","twitter_misc":{"Written by":"Frederic"},"schema":{"@context":"https:\/\/schema.org","@graph":[{"@type":"Article","@id":"https:\/\/vitura.fr\/en\/financial-publications\/avis-de-reunion-et-de-convocation-5\/#article","isPartOf":{"@id":"https:\/\/vitura.fr\/en\/financial-publications\/avis-de-reunion-et-de-convocation-5\/"},"author":{"name":"Frederic","@id":"https:\/\/vitura.fr\/#\/schema\/person\/9b174b6fd77697975cb322279c940fbe"},"headline":"Note of meeting and convocation (in French)","datePublished":"2007-06-06T06:00:58+00:00","dateModified":"2021-06-30T09:28:22+00:00","mainEntityOfPage":{"@id":"https:\/\/vitura.fr\/en\/financial-publications\/avis-de-reunion-et-de-convocation-5\/"},"wordCount":75,"publisher":{"@id":"https:\/\/vitura.fr\/#organization"},"articleSection":["Financial publications","General Shareholders\u2019 Meeting"],"inLanguage":"en-US"},{"@type":"WebPage","@id":"https:\/\/vitura.fr\/en\/financial-publications\/avis-de-reunion-et-de-convocation-5\/","url":"https:\/\/vitura.fr\/en\/financial-publications\/avis-de-reunion-et-de-convocation-5\/","name":"[:en]Note of meeting and convocation (in French)[:fr]Avis de r\u00e9union et de convocation[:] - VITURA","isPartOf":{"@id":"https:\/\/vitura.fr\/#website"},"datePublished":"2007-06-06T06:00:58+00:00","dateModified":"2021-06-30T09:28:22+00:00","breadcrumb":{"@id":"https:\/\/vitura.fr\/en\/financial-publications\/avis-de-reunion-et-de-convocation-5\/#breadcrumb"},"inLanguage":"en-US","potentialAction":[{"@type":"ReadAction","target":["https:\/\/vitura.fr\/en\/financial-publications\/avis-de-reunion-et-de-convocation-5\/"]}]},{"@type":"BreadcrumbList","@id":"https:\/\/vitura.fr\/en\/financial-publications\/avis-de-reunion-et-de-convocation-5\/#breadcrumb","itemListElement":[{"@type":"ListItem","position":1,"name":"Accueil","item":"https:\/\/vitura.fr\/"},{"@type":"ListItem","position":2,"name":"Note of meeting and convocation (in French)"}]},{"@type":"WebSite","@id":"https:\/\/vitura.fr\/#website","url":"https:\/\/vitura.fr\/","name":"VITURA","description":"VITURA","publisher":{"@id":"https:\/\/vitura.fr\/#organization"},"potentialAction":[{"@type":"SearchAction","target":{"@type":"EntryPoint","urlTemplate":"https:\/\/vitura.fr\/?s={search_term_string}"},"query-input":"required name=search_term_string"}],"inLanguage":"en-US"},{"@type":"Organization","@id":"https:\/\/vitura.fr\/#organization","name":"VITURA","url":"https:\/\/vitura.fr\/","logo":{"@type":"ImageObject","inLanguage":"en-US","@id":"https:\/\/vitura.fr\/#\/schema\/logo\/image\/","url":"https:\/\/vitura.fr\/wp-content\/uploads\/2021\/06\/vitura-image-place-holder-e1625219447820.png","contentUrl":"https:\/\/vitura.fr\/wp-content\/uploads\/2021\/06\/vitura-image-place-holder-e1625219447820.png","width":800,"height":450,"caption":"VITURA"},"image":{"@id":"https:\/\/vitura.fr\/#\/schema\/logo\/image\/"},"sameAs":["https:\/\/twitter.com\/Vitura_","https:\/\/www.linkedin.com\/company\/wearevitura"]},{"@type":"Person","@id":"https:\/\/vitura.fr\/#\/schema\/person\/9b174b6fd77697975cb322279c940fbe","name":"Frederic","url":"https:\/\/vitura.fr\/en\/author\/frederic\/"}]}},"_links":{"self":[{"href":"https:\/\/vitura.fr\/en\/wp-json\/wp\/v2\/posts\/3664","targetHints":{"allow":["GET"]}}],"collection":[{"href":"https:\/\/vitura.fr\/en\/wp-json\/wp\/v2\/posts"}],"about":[{"href":"https:\/\/vitura.fr\/en\/wp-json\/wp\/v2\/types\/post"}],"author":[{"embeddable":true,"href":"https:\/\/vitura.fr\/en\/wp-json\/wp\/v2\/users\/6"}],"replies":[{"embeddable":true,"href":"https:\/\/vitura.fr\/en\/wp-json\/wp\/v2\/comments?post=3664"}],"version-history":[{"count":1,"href":"https:\/\/vitura.fr\/en\/wp-json\/wp\/v2\/posts\/3664\/revisions"}],"predecessor-version":[{"id":3665,"href":"https:\/\/vitura.fr\/en\/wp-json\/wp\/v2\/posts\/3664\/revisions\/3665"}],"wp:attachment":[{"href":"https:\/\/vitura.fr\/en\/wp-json\/wp\/v2\/media?parent=3664"}],"wp:term":[{"taxonomy":"category","embeddable":true,"href":"https:\/\/vitura.fr\/en\/wp-json\/wp\/v2\/categories?post=3664"},{"taxonomy":"post_tag","embeddable":true,"href":"https:\/\/vitura.fr\/en\/wp-json\/wp\/v2\/tags?post=3664"}],"curies":[{"name":"wp","href":"https:\/\/api.w.org\/{rel}","templated":true}]}}