{"id":946,"date":"2014-01-29T15:39:30","date_gmt":"2014-01-29T15:39:30","guid":{"rendered":"https:\/\/vitura.fr\/press\/double-certification-hqe-et-breeam-mention-very-good\/"},"modified":"2021-06-14T05:55:24","modified_gmt":"2021-06-14T03:55:24","slug":"double-certification-hqe-et-breeam-mention-very-good","status":"publish","type":"post","link":"https:\/\/vitura.fr\/en\/press\/double-certification-hqe-et-breeam-mention-very-good\/","title":{"rendered":"Double certification HQE et BREEAM,  mention \u00abVery Good\u00bb"},"content":{"rendered":"<p><strong>Cegereal annonce que les immeubles Europlaza et Arcs de Seine ont re\u00e7u le 16 janvier la certification BREEAM In-Use \u00ab Very Good \u00bb, portant \u00e0 75% la part de son patrimoine b\u00e9n\u00e9ficiant de la double certification HQE Exploitation et BREEAM In-Use International. <\/strong><\/p>\n<p>A ce jour, seuls 4 immeubles en exploitation en France, y compris Arcs de Seine et Europlaza ont obtenu cette double certification.<\/p>\n<p>Ces sites exceptionnels se pr\u00e9sentent comme de v\u00e9ritables \u00e9co-syst\u00e8mes au service des entreprises. A la carte sont propos\u00e9s des lieux de travail, d\u2019\u00e9change et de vie qui peuvent accueillir jusqu\u2019\u00e0 5.000 employ\u00e9s. Ils affichent des performances particuli\u00e8rement \u00e9lev\u00e9es sur les axes \u00ab B\u00e2timent \u00bb et \u00ab Gestion du b\u00e2timent \u00bb.<\/p>\n<p>Pour rappel, Arcs de Seine et Europlaza avaient respectivement re\u00e7u le label HQE Exploitation en juin 2012 et en novembre 2013, dans le cadre du projet Go Green. Ce projet de certification environnementale a pour objectif de doter la fonci\u00e8re d\u2019un patrimoine 100% \u00abvert\u00bb (HQE Exploitation) d\u00e8s cette ann\u00e9e.<\/p>\n<p>Rapha\u00ebl Tr\u00e9guier, directeur g\u00e9n\u00e9ral de la soci\u00e9t\u00e9, associe volontiers les parties prenantes \u00e0 ce projet : \u00ab Ces doubles certifications sont le r\u00e9sultat d\u2019un travail collaboratif ouvert et efficace entre nos conseils et nos locataires. Nous sommes heureux de partager ces nouveaux succ\u00e8s du projet Go Green, fer de lance de notre politique RSE. \u00bb<\/p>\n<p>Dans ces op\u00e9rations, Cegereal \u00e9tait conseill\u00e9 par Yxime &amp; Arcoba.<\/p>\n<p><span style=\"text-decoration: underline;\"><strong>Agenda<\/strong><\/span><\/p>\n<ul>\n<li><a href=\"http:\/\/www.cegereal.com\/fr\/investisseurs\/agenda\">14 f\u00e9vrier 2014 : R\u00e9sultats annuels 2013 (avant bourse)<\/a><\/li>\n<\/ul>\n<p>&nbsp;<\/p>\n<p><strong style=\"margin: 0px; padding: 0px; border: 0px; font-family: Arial, sans-serif; font-size: 13px; line-height: 23.399999618530273px; vertical-align: baseline; letter-spacing: 0.12999999523162842px;\"><span class=\"titre_bleu_minuscule\" style=\"padding: 0px; border: 0px; font-family: inherit; font-size: inherit; font-style: inherit; font-variant: inherit; line-height: inherit; vertical-align: baseline;\">A propos de Cegereal (NYSE Euronext Paris \u2013 Compartiment B &#8211; CGR)<\/span><\/strong><br style=\"margin: 0px; padding: 0px; font-family: Arial, sans-serif; font-size: 13px; letter-spacing: 0.12999999523162842px; line-height: 23.399999618530273px;\" \/><span style=\"font-family: Arial, sans-serif; font-size: 13px; letter-spacing: 0.12999999523162842px; line-height: 23.399999618530273px;\">Cegereal est une SIIC sp\u00e9cialis\u00e9e dans les actifs immobiliers de bureaux haut de gamme et de grande taille. Son patrimoine est constitu\u00e9 de trois ensembles immobiliers situ\u00e9s en premi\u00e8re couronne parisienne. Leur valeur globale \u00e9tablie par l&#8217;expert ind\u00e9pendant DTZ Eurexi a \u00e9t\u00e9 estim\u00e9e au 30 juin 2013 \u00e0 861 millions d&#8217;euros (hors droits de mutation).<\/span><br style=\"margin: 0px; padding: 0px; font-family: Arial, sans-serif; font-size: 13px; letter-spacing: 0.12999999523162842px; line-height: 23.399999618530273px;\" \/><span style=\"font-family: Arial, sans-serif; font-size: 13px; letter-spacing: 0.12999999523162842px; line-height: 23.399999618530273px;\">www.cegereal.com<\/span><br style=\"margin: 0px; padding: 0px; font-family: Arial, sans-serif; font-size: 13px; letter-spacing: 0.12999999523162842px; line-height: 23.399999618530273px;\" \/><br style=\"margin: 0px; padding: 0px; font-family: Arial, sans-serif; font-size: 13px; letter-spacing: 0.12999999523162842px; line-height: 23.399999618530273px;\" \/><span class=\"titre_bleu_minuscule\" style=\"padding: 0px; border: 0px; font-family: Arial, sans-serif; font-size: 13px; line-height: 23.399999618530273px; vertical-align: baseline; letter-spacing: 0.12999999523162842px;\">Contact presse<\/span><span style=\"font-family: Arial, sans-serif; font-size: 13px; letter-spacing: 0.12999999523162842px; line-height: 23.399999618530273px;\">&nbsp;<\/span><br style=\"margin: 0px; padding: 0px; font-family: Arial, sans-serif; font-size: 13px; letter-spacing: 0.12999999523162842px; line-height: 23.399999618530273px;\" \/><span style=\"font-family: Arial, sans-serif; font-size: 13px; letter-spacing: 0.12999999523162842px; line-height: 23.399999618530273px;\">Ali\u00e9nor Miens &#8211; 0153328477&nbsp;<\/span><br style=\"margin: 0px; padding: 0px; font-family: Arial, sans-serif; font-size: 13px; letter-spacing: 0.12999999523162842px; line-height: 23.399999618530273px;\" \/><span style=\"font-family: Arial, sans-serif; font-size: 13px; letter-spacing: 0.12999999523162842px; line-height: 23.399999618530273px;\">alienor.miens@citigate.fr<\/span><br style=\"margin: 0px; padding: 0px; font-family: Arial, sans-serif; font-size: 13px; letter-spacing: 0.12999999523162842px; line-height: 23.399999618530273px;\" \/><br style=\"margin: 0px; padding: 0px; font-family: Arial, sans-serif; font-size: 13px; letter-spacing: 0.12999999523162842px; line-height: 23.399999618530273px;\" \/><span class=\"titre_bleu_minuscule\" style=\"padding: 0px; border: 0px; font-family: Arial, sans-serif; font-size: 13px; line-height: 23.399999618530273px; vertical-align: baseline; letter-spacing: 0.12999999523162842px;\">Relation investisseurs<\/span><br style=\"margin: 0px; padding: 0px; font-family: Arial, sans-serif; font-size: 13px; letter-spacing: 0.12999999523162842px; line-height: 23.399999618530273px;\" \/><span style=\"font-family: Arial, sans-serif; font-size: 13px; letter-spacing: 0.12999999523162842px; line-height: 23.399999618530273px;\">Rapha\u00ebl Tr\u00e9guier &#8211; 0142257636<\/span><br style=\"margin: 0px; padding: 0px; font-family: Arial, sans-serif; font-size: 13px; letter-spacing: 0.12999999523162842px; line-height: 23.399999618530273px;\" \/><span style=\"font-family: Arial, sans-serif; font-size: 13px; letter-spacing: 0.12999999523162842px; line-height: 23.399999618530273px;\">raphael.treguier@cegereal.com<\/span><\/p>\n","protected":false},"excerpt":{"rendered":"<p>Cegereal annonce que les immeubles Europlaza et Arcs de Seine ont re\u00e7u le 16 janvier la certification BREEAM In-Use \u00ab Very Good \u00bb, portant \u00e0 75% la part de son patrimoine b\u00e9n\u00e9ficiant de la double certification HQE Exploitation et BREEAM In-Use International. A ce jour, seuls 4 immeubles en exploitation en France, y compris Arcs &hellip; <\/p>\n<p class=\"link-more\"><a href=\"https:\/\/vitura.fr\/en\/press\/double-certification-hqe-et-breeam-mention-very-good\/\" class=\"more-link\">Continue reading<span class=\"screen-reader-text\"> &#8220;Double certification HQE et BREEAM,  mention \u00abVery Good\u00bb&#8221;<\/span><\/a><\/p>\n","protected":false},"author":6,"featured_media":0,"comment_status":"closed","ping_status":"open","sticky":false,"template":"","format":"standard","meta":{"_monsterinsights_skip_tracking":false,"_monsterinsights_sitenote_active":false,"_monsterinsights_sitenote_note":"","_monsterinsights_sitenote_category":0,"footnotes":""},"categories":[1],"tags":[],"class_list":["post-946","post","type-post","status-publish","format-standard","hentry","category-press"],"acf":[],"yoast_head":"<!-- This site is optimized with the Yoast SEO plugin v21.9.1 - https:\/\/yoast.com\/wordpress\/plugins\/seo\/ -->\n<title>Double certification HQE et BREEAM, mention \u00abVery Good\u00bb - VITURA<\/title>\n<meta name=\"robots\" content=\"index, follow, max-snippet:-1, max-image-preview:large, max-video-preview:-1\" \/>\n<link rel=\"canonical\" href=\"https:\/\/vitura.fr\/press\/double-certification-hqe-et-breeam-mention-very-good\/\" \/>\n<meta property=\"og:locale\" content=\"en_US\" \/>\n<meta property=\"og:type\" content=\"article\" \/>\n<meta property=\"og:title\" content=\"Double certification HQE et BREEAM, mention \u00abVery Good\u00bb - VITURA\" \/>\n<meta property=\"og:description\" content=\"Cegereal annonce que les immeubles Europlaza et Arcs de Seine ont re\u00e7u le 16 janvier la certification BREEAM In-Use \u00ab Very Good \u00bb, portant \u00e0 75% la part de son patrimoine b\u00e9n\u00e9ficiant de la double certification HQE Exploitation et BREEAM In-Use International. A ce jour, seuls 4 immeubles en exploitation en France, y compris Arcs &hellip; Continue reading &quot;Double certification HQE et BREEAM, mention \u00abVery Good\u00bb&quot;\" \/>\n<meta property=\"og:url\" content=\"https:\/\/vitura.fr\/press\/double-certification-hqe-et-breeam-mention-very-good\/\" \/>\n<meta property=\"og:site_name\" content=\"VITURA\" \/>\n<meta property=\"article:published_time\" content=\"2014-01-29T15:39:30+00:00\" \/>\n<meta property=\"article:modified_time\" content=\"2021-06-14T03:55:24+00:00\" \/>\n<meta name=\"author\" content=\"Frederic\" \/>\n<meta name=\"twitter:card\" content=\"summary_large_image\" \/>\n<meta name=\"twitter:creator\" content=\"@Vitura_\" \/>\n<meta name=\"twitter:site\" content=\"@Vitura_\" \/>\n<meta name=\"twitter:label1\" content=\"Written by\" \/>\n\t<meta name=\"twitter:data1\" content=\"Frederic\" \/>\n\t<meta name=\"twitter:label2\" content=\"Est. reading time\" \/>\n\t<meta name=\"twitter:data2\" content=\"2 minutes\" \/>\n<script type=\"application\/ld+json\" class=\"yoast-schema-graph\">{\"@context\":\"https:\/\/schema.org\",\"@graph\":[{\"@type\":\"Article\",\"@id\":\"https:\/\/vitura.fr\/press\/double-certification-hqe-et-breeam-mention-very-good\/#article\",\"isPartOf\":{\"@id\":\"https:\/\/vitura.fr\/press\/double-certification-hqe-et-breeam-mention-very-good\/\"},\"author\":{\"name\":\"Frederic\",\"@id\":\"https:\/\/vitura.fr\/#\/schema\/person\/9b174b6fd77697975cb322279c940fbe\"},\"headline\":\"Double certification HQE et BREEAM, mention \u00abVery Good\u00bb\",\"datePublished\":\"2014-01-29T15:39:30+00:00\",\"dateModified\":\"2021-06-14T03:55:24+00:00\",\"mainEntityOfPage\":{\"@id\":\"https:\/\/vitura.fr\/press\/double-certification-hqe-et-breeam-mention-very-good\/\"},\"wordCount\":348,\"publisher\":{\"@id\":\"https:\/\/vitura.fr\/#organization\"},\"articleSection\":[\"Press\"],\"inLanguage\":\"en-US\"},{\"@type\":\"WebPage\",\"@id\":\"https:\/\/vitura.fr\/press\/double-certification-hqe-et-breeam-mention-very-good\/\",\"url\":\"https:\/\/vitura.fr\/press\/double-certification-hqe-et-breeam-mention-very-good\/\",\"name\":\"Double certification HQE et BREEAM, mention \u00abVery Good\u00bb - VITURA\",\"isPartOf\":{\"@id\":\"https:\/\/vitura.fr\/#website\"},\"datePublished\":\"2014-01-29T15:39:30+00:00\",\"dateModified\":\"2021-06-14T03:55:24+00:00\",\"breadcrumb\":{\"@id\":\"https:\/\/vitura.fr\/press\/double-certification-hqe-et-breeam-mention-very-good\/#breadcrumb\"},\"inLanguage\":\"en-US\",\"potentialAction\":[{\"@type\":\"ReadAction\",\"target\":[\"https:\/\/vitura.fr\/press\/double-certification-hqe-et-breeam-mention-very-good\/\"]}]},{\"@type\":\"BreadcrumbList\",\"@id\":\"https:\/\/vitura.fr\/press\/double-certification-hqe-et-breeam-mention-very-good\/#breadcrumb\",\"itemListElement\":[{\"@type\":\"ListItem\",\"position\":1,\"name\":\"Accueil\",\"item\":\"https:\/\/vitura.fr\/\"},{\"@type\":\"ListItem\",\"position\":2,\"name\":\"Double certification HQE et BREEAM, mention \u00abVery Good\u00bb\"}]},{\"@type\":\"WebSite\",\"@id\":\"https:\/\/vitura.fr\/#website\",\"url\":\"https:\/\/vitura.fr\/\",\"name\":\"VITURA\",\"description\":\"VITURA\",\"publisher\":{\"@id\":\"https:\/\/vitura.fr\/#organization\"},\"potentialAction\":[{\"@type\":\"SearchAction\",\"target\":{\"@type\":\"EntryPoint\",\"urlTemplate\":\"https:\/\/vitura.fr\/?s={search_term_string}\"},\"query-input\":\"required name=search_term_string\"}],\"inLanguage\":\"en-US\"},{\"@type\":\"Organization\",\"@id\":\"https:\/\/vitura.fr\/#organization\",\"name\":\"VITURA\",\"url\":\"https:\/\/vitura.fr\/\",\"logo\":{\"@type\":\"ImageObject\",\"inLanguage\":\"en-US\",\"@id\":\"https:\/\/vitura.fr\/#\/schema\/logo\/image\/\",\"url\":\"https:\/\/vitura.fr\/wp-content\/uploads\/2021\/06\/vitura-image-place-holder-e1625219447820.png\",\"contentUrl\":\"https:\/\/vitura.fr\/wp-content\/uploads\/2021\/06\/vitura-image-place-holder-e1625219447820.png\",\"width\":800,\"height\":450,\"caption\":\"VITURA\"},\"image\":{\"@id\":\"https:\/\/vitura.fr\/#\/schema\/logo\/image\/\"},\"sameAs\":[\"https:\/\/twitter.com\/Vitura_\",\"https:\/\/www.linkedin.com\/company\/wearevitura\"]},{\"@type\":\"Person\",\"@id\":\"https:\/\/vitura.fr\/#\/schema\/person\/9b174b6fd77697975cb322279c940fbe\",\"name\":\"Frederic\",\"url\":\"https:\/\/vitura.fr\/en\/author\/frederic\/\"}]}<\/script>\n<!-- \/ Yoast SEO plugin. -->","yoast_head_json":{"title":"Double certification HQE et BREEAM, mention \u00abVery Good\u00bb - VITURA","robots":{"index":"index","follow":"follow","max-snippet":"max-snippet:-1","max-image-preview":"max-image-preview:large","max-video-preview":"max-video-preview:-1"},"canonical":"https:\/\/vitura.fr\/press\/double-certification-hqe-et-breeam-mention-very-good\/","og_locale":"en_US","og_type":"article","og_title":"Double certification HQE et BREEAM, mention \u00abVery Good\u00bb - VITURA","og_description":"Cegereal annonce que les immeubles Europlaza et Arcs de Seine ont re\u00e7u le 16 janvier la certification BREEAM In-Use \u00ab Very Good \u00bb, portant \u00e0 75% la part de son patrimoine b\u00e9n\u00e9ficiant de la double certification HQE Exploitation et BREEAM In-Use International. A ce jour, seuls 4 immeubles en exploitation en France, y compris Arcs &hellip; Continue reading \"Double certification HQE et BREEAM, mention \u00abVery Good\u00bb\"","og_url":"https:\/\/vitura.fr\/press\/double-certification-hqe-et-breeam-mention-very-good\/","og_site_name":"VITURA","article_published_time":"2014-01-29T15:39:30+00:00","article_modified_time":"2021-06-14T03:55:24+00:00","author":"Frederic","twitter_card":"summary_large_image","twitter_creator":"@Vitura_","twitter_site":"@Vitura_","twitter_misc":{"Written by":"Frederic","Est. reading time":"2 minutes"},"schema":{"@context":"https:\/\/schema.org","@graph":[{"@type":"Article","@id":"https:\/\/vitura.fr\/press\/double-certification-hqe-et-breeam-mention-very-good\/#article","isPartOf":{"@id":"https:\/\/vitura.fr\/press\/double-certification-hqe-et-breeam-mention-very-good\/"},"author":{"name":"Frederic","@id":"https:\/\/vitura.fr\/#\/schema\/person\/9b174b6fd77697975cb322279c940fbe"},"headline":"Double certification HQE et BREEAM, mention \u00abVery Good\u00bb","datePublished":"2014-01-29T15:39:30+00:00","dateModified":"2021-06-14T03:55:24+00:00","mainEntityOfPage":{"@id":"https:\/\/vitura.fr\/press\/double-certification-hqe-et-breeam-mention-very-good\/"},"wordCount":348,"publisher":{"@id":"https:\/\/vitura.fr\/#organization"},"articleSection":["Press"],"inLanguage":"en-US"},{"@type":"WebPage","@id":"https:\/\/vitura.fr\/press\/double-certification-hqe-et-breeam-mention-very-good\/","url":"https:\/\/vitura.fr\/press\/double-certification-hqe-et-breeam-mention-very-good\/","name":"Double certification HQE et BREEAM, mention \u00abVery Good\u00bb - VITURA","isPartOf":{"@id":"https:\/\/vitura.fr\/#website"},"datePublished":"2014-01-29T15:39:30+00:00","dateModified":"2021-06-14T03:55:24+00:00","breadcrumb":{"@id":"https:\/\/vitura.fr\/press\/double-certification-hqe-et-breeam-mention-very-good\/#breadcrumb"},"inLanguage":"en-US","potentialAction":[{"@type":"ReadAction","target":["https:\/\/vitura.fr\/press\/double-certification-hqe-et-breeam-mention-very-good\/"]}]},{"@type":"BreadcrumbList","@id":"https:\/\/vitura.fr\/press\/double-certification-hqe-et-breeam-mention-very-good\/#breadcrumb","itemListElement":[{"@type":"ListItem","position":1,"name":"Accueil","item":"https:\/\/vitura.fr\/"},{"@type":"ListItem","position":2,"name":"Double certification HQE et BREEAM, mention \u00abVery Good\u00bb"}]},{"@type":"WebSite","@id":"https:\/\/vitura.fr\/#website","url":"https:\/\/vitura.fr\/","name":"VITURA","description":"VITURA","publisher":{"@id":"https:\/\/vitura.fr\/#organization"},"potentialAction":[{"@type":"SearchAction","target":{"@type":"EntryPoint","urlTemplate":"https:\/\/vitura.fr\/?s={search_term_string}"},"query-input":"required name=search_term_string"}],"inLanguage":"en-US"},{"@type":"Organization","@id":"https:\/\/vitura.fr\/#organization","name":"VITURA","url":"https:\/\/vitura.fr\/","logo":{"@type":"ImageObject","inLanguage":"en-US","@id":"https:\/\/vitura.fr\/#\/schema\/logo\/image\/","url":"https:\/\/vitura.fr\/wp-content\/uploads\/2021\/06\/vitura-image-place-holder-e1625219447820.png","contentUrl":"https:\/\/vitura.fr\/wp-content\/uploads\/2021\/06\/vitura-image-place-holder-e1625219447820.png","width":800,"height":450,"caption":"VITURA"},"image":{"@id":"https:\/\/vitura.fr\/#\/schema\/logo\/image\/"},"sameAs":["https:\/\/twitter.com\/Vitura_","https:\/\/www.linkedin.com\/company\/wearevitura"]},{"@type":"Person","@id":"https:\/\/vitura.fr\/#\/schema\/person\/9b174b6fd77697975cb322279c940fbe","name":"Frederic","url":"https:\/\/vitura.fr\/en\/author\/frederic\/"}]}},"_links":{"self":[{"href":"https:\/\/vitura.fr\/en\/wp-json\/wp\/v2\/posts\/946","targetHints":{"allow":["GET"]}}],"collection":[{"href":"https:\/\/vitura.fr\/en\/wp-json\/wp\/v2\/posts"}],"about":[{"href":"https:\/\/vitura.fr\/en\/wp-json\/wp\/v2\/types\/post"}],"author":[{"embeddable":true,"href":"https:\/\/vitura.fr\/en\/wp-json\/wp\/v2\/users\/6"}],"replies":[{"embeddable":true,"href":"https:\/\/vitura.fr\/en\/wp-json\/wp\/v2\/comments?post=946"}],"version-history":[{"count":1,"href":"https:\/\/vitura.fr\/en\/wp-json\/wp\/v2\/posts\/946\/revisions"}],"predecessor-version":[{"id":2329,"href":"https:\/\/vitura.fr\/en\/wp-json\/wp\/v2\/posts\/946\/revisions\/2329"}],"wp:attachment":[{"href":"https:\/\/vitura.fr\/en\/wp-json\/wp\/v2\/media?parent=946"}],"wp:term":[{"taxonomy":"category","embeddable":true,"href":"https:\/\/vitura.fr\/en\/wp-json\/wp\/v2\/categories?post=946"},{"taxonomy":"post_tag","embeddable":true,"href":"https:\/\/vitura.fr\/en\/wp-json\/wp\/v2\/tags?post=946"}],"curies":[{"name":"wp","href":"https:\/\/api.w.org\/{rel}","templated":true}]}}